{"id":2481,"date":"2026-04-02T12:34:06","date_gmt":"2026-04-02T12:34:06","guid":{"rendered":"https:\/\/dostfood.com\/tr\/?p=2481"},"modified":"2026-04-02T12:47:11","modified_gmt":"2026-04-02T12:47:11","slug":"dost-food-alimentaria-2026da-kuresel-varligini-guclendirdi","status":"publish","type":"post","link":"https:\/\/dostfood.com\/tr\/dost-food-alimentaria-2026da-kuresel-varligini-guclendirdi\/","title":{"rendered":"Dost Food, Alimentaria 2026\u2019da K\u00fcresel Varl\u0131\u011f\u0131n\u0131 G\u00fc\u00e7lendirdi"},"content":{"rendered":"<p><span style=\"font-weight: 400;\">Dost Food olarak, Avrupa\u2019dan Orta Do\u011fu\u2019ya uzanan \u00fcretim ve tedarik g\u00fcc\u00fcm\u00fczle <\/span><a href=\"https:\/\/www.alimentaria.com\/en\/\"><b>Alimentaria 2026<\/b><\/a><span style=\"font-weight: 400;\">\u2019da yer ald\u0131k ve son derece verimli ge\u00e7en d\u00f6rt g\u00fcn\u00fc geride b\u0131rakt\u0131k. Barcelona\u2019daki <\/span><b>Gran Via<\/b><span style=\"font-weight: 400;\"> fuar alan\u0131nda, <\/span><b>Pavilion 3 | Level 0 | Street E | Stand 303<\/b><span style=\"font-weight: 400;\"> konumunda bulunan stand\u0131m\u0131z, fuar boyunca uluslararas\u0131 ziyaret\u00e7ilerin yo\u011fun ilgisiyle kar\u015f\u0131la\u015ft\u0131.<\/span><\/p>\n<h2><b>D\u00fcnyan\u0131n \u00d6nemli G\u0131da Bulu\u015fmalar\u0131ndan Biri<\/b><\/h2>\n<p><span style=\"font-weight: 400;\"><strong>Alimentaria<\/strong>, \u0130spanya\u2019n\u0131n \u00f6nde gelen uluslararas\u0131 g\u0131da ve i\u00e7ecek fuarlar\u0131ndan biri olman\u0131n \u00f6tesinde, foodservice, horeca ve perakende kanallar\u0131n\u0131 bulu\u015fturan k\u00fcresel bir ticaret platformu. 2026 edisyonu, fuar\u0131n 50. y\u0131l\u0131na denk geldi ve organizasyon, d\u00f6rt g\u00fcn boyunca <\/span>yakla\u015f\u0131k 109.600 sekt\u00f6r profesyonelini<span style=\"font-weight: 400;\">, <\/span>120 \u00fclkeden gelen uluslararas\u0131 ziyaret\u00e7ileri<span style=\"font-weight: 400;\"> ve <\/span>3.300\u2019den fazla kat\u0131l\u0131mc\u0131 \u015firketi<span style=\"font-weight: 400;\"> bir araya getirdi.\u00a0<\/span><\/p>\n<p><span style=\"font-weight: 400;\">Fuarda ayr\u0131ca <\/span>2.700\u2019den fazla al\u0131c\u0131 ve ithalat\u00e7\u0131<span style=\"font-weight: 400;\"> ile kat\u0131l\u0131mc\u0131 firmalar aras\u0131nda <\/span>14.500\u2019\u00fc a\u015fk\u0131n i\u015f g\u00f6r\u00fc\u015fmesi<span style=\"font-weight: 400;\"> ger\u00e7ekle\u015ftirildi. Bu rakamlar, Alimentaria\u2019n\u0131n yaln\u0131zca bir sergi alan\u0131 de\u011fil, ayn\u0131 zamanda g\u00fc\u00e7l\u00fc ticari ba\u011flant\u0131lar\u0131n kuruldu\u011fu stratejik bir uluslararas\u0131 platform oldu\u011funu a\u00e7\u0131k bi\u00e7imde g\u00f6sterdi.<\/span><\/p>\n<h2><b>Polonya Bu Y\u0131l Onur Konu\u011fu Oldu\u00a0<\/b><\/h2>\n<p><img fetchpriority=\"high\" decoding=\"async\" class=\"aligncenter wp-image-2485 size-full\" src=\"https:\/\/dostfood.com\/tr\/wp-content\/uploads\/2026\/04\/3.jpg\" alt=\"alimentaria 2026\" width=\"940\" height=\"626\" srcset=\"https:\/\/dostfood.com\/tr\/wp-content\/uploads\/2026\/04\/3.jpg 940w, https:\/\/dostfood.com\/tr\/wp-content\/uploads\/2026\/04\/3-300x200.jpg 300w, https:\/\/dostfood.com\/tr\/wp-content\/uploads\/2026\/04\/3-768x511.jpg 768w, https:\/\/dostfood.com\/tr\/wp-content\/uploads\/2026\/04\/3-600x400.jpg 600w\" sizes=\"(max-width: 940px) 100vw, 940px\" \/><\/p>\n<p><span style=\"font-weight: 400;\"><strong>Alimentaria 2026<\/strong>\u2019y\u0131 Dost Food a\u00e7\u0131s\u0131ndan daha da anlaml\u0131 k\u0131lan unsurlardan biri, <\/span>Polonya\u2019n\u0131n bu y\u0131l fuar\u0131n onur konu\u011fu \/ partner \u00fclkesi olmas\u0131yd\u0131<span style=\"font-weight: 400;\">. Polonya, fuarda <\/span>100\u2019den fazla kat\u0131l\u0131mc\u0131<span style=\"font-weight: 400;\"> ve <\/span>1.200 m\u00b2\u2019yi a\u015fan sergileme alan\u0131<span style=\"font-weight: 400;\"> ile temsil edildi. Bu \u00f6zel stat\u00fc sayesinde Polonya, fuar\u0131n en g\u00f6r\u00fcn\u00fcr ve en \u00e7ok dikkat \u00e7eken \u00fclkelerinden biri h\u00e2line geldi.<\/span><\/p>\n<p><span style=\"font-weight: 400;\">Polonya\u2019da d\u00f6ner \u00fcretimi yapan ve \u00e7ok say\u0131da \u00fclkeye tedarik sa\u011flayan <strong>Dost Food<\/strong> i\u00e7in bu tablo ayr\u0131 bir \u00f6nem ta\u015f\u0131d\u0131. Polonya\u2019n\u0131n odak \u00fclkelerden biri h\u00e2line geldi\u011fi bu fuarda yer almak, markam\u0131z\u0131n g\u00f6r\u00fcn\u00fcrl\u00fc\u011f\u00fcn\u00fc art\u0131rd\u0131 ve uluslararas\u0131 muhataplarla daha g\u00fc\u00e7l\u00fc temaslar kurmam\u0131za da katk\u0131 sa\u011flad\u0131.\u00a0<\/span><\/p>\n<h2><b>D\u00f6rt G\u00fcn Boyunca Yo\u011fun \u0130lgi<\/b><\/h2>\n<p><span style=\"font-weight: 400;\"><strong>Dost Food<\/strong> stand\u0131, fuar boyunca restoran profesyonelleri, d\u00f6ner b\u00fcfeleri, distrib\u00fct\u00f6rler, ithalat\u00e7\u0131lar, perakende temsilcileri ve farkl\u0131 pazarlardan gelen sat\u0131n alma yetkilileri taraf\u0131ndan ziyaret edildi. D\u00fcnyan\u0131n bir\u00e7ok \u00fclkesinde faaliyet g\u00f6steren restoranlara ve d\u00f6ner b\u00fcfelerine y\u00f6nelik d\u00f6ner tedarik \u00e7\u00f6z\u00fcmlerimizin yan\u0131 s\u0131ra, son y\u0131llarda g\u00fc\u00e7l\u00fc bir ivme kazanan s\u00fcpermarketlere y\u00f6nelik dondurulmu\u015f d\u00f6ner \u00fcr\u00fcnlerimizi de uluslararas\u0131 ziyaret\u00e7ilere tan\u0131tma f\u0131rsat\u0131 bulduk.<\/span><\/p>\n<p><span style=\"font-weight: 400;\">Stand\u0131m\u0131z\u0131, ziyaret\u00e7ilerin \u00fcr\u00fcnlerimizin lezzetini do\u011frudan deneyimleyebilece\u011fi ve sundu\u011fumuz \u00fcr\u00fcn \u00e7e\u015fitlili\u011fini yak\u0131ndan g\u00f6rebilece\u011fi \u015fekilde tasarlad\u0131k. Bu sayede stand\u0131m\u0131z, yaln\u0131zca bir tan\u0131t\u0131m alan\u0131 de\u011fil; ayn\u0131 zamanda <strong>Dost Food<\/strong>\u2019un kalite anlay\u0131\u015f\u0131n\u0131, \u00fcr\u00fcn zenginli\u011fini ve lezzet odakl\u0131 yakla\u015f\u0131m\u0131n\u0131 yans\u0131tan canl\u0131 bir bulu\u015fma noktas\u0131 h\u00e2line geldi. Ziyaret\u00e7ilerimiz, farkl\u0131 \u00fcr\u00fcn gruplar\u0131m\u0131z\u0131 yerinde inceleme ve tatma f\u0131rsat\u0131 bulurken, markam\u0131z\u0131n sundu\u011fu \u00e7\u00f6z\u00fcmleri daha yak\u0131ndan tan\u0131ma imk\u00e2n\u0131 elde etti.<\/span><\/p>\n<p><span style=\"font-weight: 400;\">Ger\u00e7ekle\u015ftirdi\u011fimiz g\u00f6r\u00fc\u015fmeler, yaln\u0131zca \u00fcr\u00fcn tan\u0131t\u0131m\u0131 a\u00e7\u0131s\u0131ndan de\u011fil; yeni i\u015f ortakl\u0131klar\u0131 kurma, mevcut ba\u011flant\u0131lar\u0131 g\u00fc\u00e7lendirme ve farkl\u0131 pazarlardaki marka muhataplar\u0131yla uzun vadeli i\u015fbirli\u011fi zemini olu\u015fturma bak\u0131m\u0131ndan da son derece de\u011ferliydi.<\/span><\/p>\n<h2><b>K\u00fcresel Pazarlara Y\u00f6nelik G\u00fc\u00e7l\u00fc Bir Mesaj<\/b><\/h2>\n<p><img decoding=\"async\" class=\"aligncenter wp-image-2486 size-full\" src=\"https:\/\/dostfood.com\/tr\/wp-content\/uploads\/2026\/04\/4.jpg\" alt=\"alimentaria\" width=\"940\" height=\"626\" srcset=\"https:\/\/dostfood.com\/tr\/wp-content\/uploads\/2026\/04\/4.jpg 940w, https:\/\/dostfood.com\/tr\/wp-content\/uploads\/2026\/04\/4-300x200.jpg 300w, https:\/\/dostfood.com\/tr\/wp-content\/uploads\/2026\/04\/4-768x511.jpg 768w, https:\/\/dostfood.com\/tr\/wp-content\/uploads\/2026\/04\/4-600x400.jpg 600w\" sizes=\"(max-width: 940px) 100vw, 940px\" \/><\/p>\n<p><span style=\"font-weight: 400;\">Alimentaria 2026\u2019n\u0131n uluslararas\u0131 \u00f6l\u00e7e\u011fi, <a href=\"https:\/\/dostfood.com\/\"><strong>Dost Food<\/strong><\/a>\u2019un k\u00fcresel b\u00fcy\u00fcme vizyonunu do\u011fru bir platformda sergilemesine imk\u00e2n sundu. Fuarda ortaya \u00e7\u0131kan y\u00fcksek ziyaret\u00e7i say\u0131s\u0131, g\u00fc\u00e7l\u00fc yabanc\u0131 kat\u0131l\u0131m\u0131 ve yo\u011fun i\u015f g\u00f6r\u00fc\u015fmesi trafi\u011fi, markam\u0131z\u0131n k\u00fcresel pazarlara y\u00f6nelik \u00e7\u00f6z\u00fcmlerini daha geni\u015f bir \u00e7evreye ula\u015ft\u0131rmas\u0131na katk\u0131 sa\u011flad\u0131.<\/span><\/p>\n<p><span style=\"font-weight: 400;\">Dost Food olarak bu kat\u0131l\u0131m\u0131, sadece ticari a\u00e7\u0131dan de\u011fil, ayn\u0131 zamanda Polonya\u2019n\u0131n \u00fcretim g\u00fcc\u00fcn\u00fcn ve T\u00fcrk mutfa\u011f\u0131n\u0131n en tan\u0131nan lezzetlerinden biri olan d\u00f6nerin uluslararas\u0131 \u00f6l\u00e7ekte tan\u0131t\u0131m\u0131 a\u00e7\u0131s\u0131ndan da \u00f6nemli bir ad\u0131m olarak g\u00f6r\u00fcyoruz.<\/span><\/p>\n<h2><b>Yeni \u0130\u015f Birlikleri \u0130\u00e7in Sa\u011flam Zemin<\/b><\/h2>\n<p><span style=\"font-weight: 400;\"><strong>Alimentaria 2026<\/strong>, <strong>Dost Food<\/strong> i\u00e7in yeni pazarlara a\u00e7\u0131lma, uluslararas\u0131 i\u015fbirlikleri geli\u015ftirme ve k\u00fcresel ba\u011flant\u0131lar\u0131 g\u00fc\u00e7lendirme yolunda \u00f6nemli sonu\u00e7lar do\u011furdu. Stand\u0131m\u0131za ilgi g\u00f6steren t\u00fcm ziyaret\u00e7ilere, i\u015f ortaklar\u0131m\u0131za ve bizimle g\u00f6r\u00fc\u015fen sekt\u00f6r profesyonellerine te\u015fekk\u00fcr ediyoruz.<\/span><\/p>\n<p><span style=\"font-weight: 400;\"><strong>Dost Food<\/strong> olarak, k\u00fcresel pazarlara de\u011fer katmaya ve uluslararas\u0131 b\u00fcy\u00fcmemizi g\u00fc\u00e7l\u00fc ad\u0131mlarla s\u00fcrd\u00fcrmeye devam edece\u011fiz.<\/span><\/p>\n","protected":false},"excerpt":{"rendered":"<p>Dost Food olarak, Avrupa\u2019dan Orta Do\u011fu\u2019ya uzanan \u00fcretim ve tedarik g\u00fcc\u00fcm\u00fczle Alimentaria 2026\u2019da yer ald\u0131k ve son derece verimli ge\u00e7en d\u00f6rt g\u00fcn\u00fc geride b\u0131rakt\u0131k. Barcelona\u2019daki Gran Via fuar alan\u0131nda, Pavilion 3 | Level 0 | Street E | Stand 303 konumunda bulunan stand\u0131m\u0131z, fuar boyunca uluslararas\u0131 ziyaret\u00e7ilerin yo\u011fun ilgisiyle kar\u015f\u0131la\u015ft\u0131. D\u00fcnyan\u0131n \u00d6nemli G\u0131da Bulu\u015fmalar\u0131ndan Biri [&hellip;]<\/p>\n","protected":false},"author":2,"featured_media":2489,"comment_status":"open","ping_status":"open","sticky":false,"template":"","format":"standard","meta":{"_acf_changed":false,"footnotes":""},"categories":[30],"tags":[],"class_list":["post-2481","post","type-post","status-publish","format-standard","has-post-thumbnail","hentry","category-haberler"],"acf":[],"_links":{"self":[{"href":"https:\/\/dostfood.com\/tr\/wp-json\/wp\/v2\/posts\/2481","targetHints":{"allow":["GET"]}}],"collection":[{"href":"https:\/\/dostfood.com\/tr\/wp-json\/wp\/v2\/posts"}],"about":[{"href":"https:\/\/dostfood.com\/tr\/wp-json\/wp\/v2\/types\/post"}],"author":[{"embeddable":true,"href":"https:\/\/dostfood.com\/tr\/wp-json\/wp\/v2\/users\/2"}],"replies":[{"embeddable":true,"href":"https:\/\/dostfood.com\/tr\/wp-json\/wp\/v2\/comments?post=2481"}],"version-history":[{"count":1,"href":"https:\/\/dostfood.com\/tr\/wp-json\/wp\/v2\/posts\/2481\/revisions"}],"predecessor-version":[{"id":2488,"href":"https:\/\/dostfood.com\/tr\/wp-json\/wp\/v2\/posts\/2481\/revisions\/2488"}],"wp:featuredmedia":[{"embeddable":true,"href":"https:\/\/dostfood.com\/tr\/wp-json\/wp\/v2\/media\/2489"}],"wp:attachment":[{"href":"https:\/\/dostfood.com\/tr\/wp-json\/wp\/v2\/media?parent=2481"}],"wp:term":[{"taxonomy":"category","embeddable":true,"href":"https:\/\/dostfood.com\/tr\/wp-json\/wp\/v2\/categories?post=2481"},{"taxonomy":"post_tag","embeddable":true,"href":"https:\/\/dostfood.com\/tr\/wp-json\/wp\/v2\/tags?post=2481"}],"curies":[{"name":"wp","href":"https:\/\/api.w.org\/{rel}","templated":true}]}}